{"id":7,"date":"2026-08-24T21:15:31","date_gmt":"2026-08-24T21:15:31","guid":{"rendered":"https:\/\/alevi-portal.net\/kutuphane\/?p=7"},"modified":"2026-08-24T21:15:32","modified_gmt":"2026-08-24T21:15:32","slug":"proje-hakkinda","status":"publish","type":"post","link":"https:\/\/alevi-portal.net\/kutuphane\/proje-hakkinda\/","title":{"rendered":"Proje Hakk\u0131nda"},"content":{"rendered":"\n<p class=\"wp-block-paragraph\">Uluslararas\u0131 Alevi Vakf\u0131 olarak, piyasada ve ula\u015f\u0131labilir kaynaklarda ender bulunan Alevilikle ilgili eser, belge ve dok\u00fcmanlar\u0131 bir araya getirerek kapsaml\u0131 bir Alevi Dijital Ar\u015fivi olu\u015fturmay\u0131 hedefliyoruz.<\/p>\n\n\n\n<p class=\"wp-block-paragraph\">Alevili\u011fin tarihi, k\u00fclt\u00fcr\u00fc, inanc\u0131, felsefesi, yol ve erk\u00e2n\u0131, s\u00f6zl\u00fc ve yaz\u0131l\u0131 gelene\u011fi \u00fczerine binlerce belgeyi dijital ortamda koruma alt\u0131na almay\u0131 ve gelecek ku\u015faklara aktarmay\u0131 ama\u00e7l\u0131yoruz.<\/p>\n\n\n\n<p class=\"wp-block-paragraph\">Bu \u00e7al\u0131\u015fma yaln\u0131zca bir ar\u015fiv olu\u015fturma projesi de\u011fildir. Ayn\u0131 zamanda da\u011f\u0131n\u0131k halde bulunan bilgi ve belgeleri bir araya getirerek Alevi toplumunun ortak haf\u0131zas\u0131n\u0131 ya\u015fatma, koruma ve herkesin eri\u015fimine sunma projesidir.<\/p>\n\n\n\n<p class=\"wp-block-paragraph\">Ge\u00e7mi\u015ften g\u00fcn\u00fcm\u00fcze Alevi yoluna \u0131\u015f\u0131k tutan kitaplar, makaleler, ara\u015ft\u0131rmalar, el yazmalar\u0131, belgeler, derlemeler ve di\u011fer kaynaklar titizlikle toplanacak; dijitalle\u015ftirilerek gelecek nesillerin kullan\u0131m\u0131na sunulacakt\u0131r.<\/p>\n\n\n\n<p class=\"wp-block-paragraph\">Amac\u0131m\u0131z; Alevili\u011fin haf\u0131zas\u0131n\u0131 kaybolmaktan kurtarmak, bilgiyi eri\u015filebilir k\u0131lmak ve bu b\u00fcy\u00fck k\u00fclt\u00fcrel miras\u0131 gelecek ku\u015faklara eksiksiz bir \u015fekilde aktarmakt\u0131r.<\/p>\n","protected":false},"excerpt":{"rendered":"<p>Uluslararas\u0131 Alevi Vakf\u0131 olarak, piyasada ve ula\u015f\u0131labilir kaynaklarda ender bulunan Alevilikle ilgili eser, belge ve dok\u00fcmanlar\u0131 bir araya getirerek kapsaml\u0131 bir Alevi Dijital Ar\u015fivi olu\u015fturmay\u0131&#8230;<\/p>\n<div class=\"more-link-wrapper\"><a class=\"more-link\" href=\"https:\/\/alevi-portal.net\/kutuphane\/proje-hakkinda\/\">Devam\u0131n\u0131 okuyun<span class=\"screen-reader-text\">Proje Hakk\u0131nda<\/span><\/a><\/div>\n","protected":false},"author":1,"featured_media":9,"comment_status":"closed","ping_status":"open","sticky":false,"template":"","format":"standard","meta":{"footnotes":""},"categories":[1],"tags":[],"class_list":["post-7","post","type-post","status-publish","format-standard","has-post-thumbnail","hentry","category-uncategorized","entry"],"_links":{"self":[{"href":"https:\/\/alevi-portal.net\/kutuphane\/wp-json\/wp\/v2\/posts\/7","targetHints":{"allow":["GET"]}}],"collection":[{"href":"https:\/\/alevi-portal.net\/kutuphane\/wp-json\/wp\/v2\/posts"}],"about":[{"href":"https:\/\/alevi-portal.net\/kutuphane\/wp-json\/wp\/v2\/types\/post"}],"author":[{"embeddable":true,"href":"https:\/\/alevi-portal.net\/kutuphane\/wp-json\/wp\/v2\/users\/1"}],"replies":[{"embeddable":true,"href":"https:\/\/alevi-portal.net\/kutuphane\/wp-json\/wp\/v2\/comments?post=7"}],"version-history":[{"count":1,"href":"https:\/\/alevi-portal.net\/kutuphane\/wp-json\/wp\/v2\/posts\/7\/revisions"}],"predecessor-version":[{"id":10,"href":"https:\/\/alevi-portal.net\/kutuphane\/wp-json\/wp\/v2\/posts\/7\/revisions\/10"}],"wp:featuredmedia":[{"embeddable":true,"href":"https:\/\/alevi-portal.net\/kutuphane\/wp-json\/wp\/v2\/media\/9"}],"wp:attachment":[{"href":"https:\/\/alevi-portal.net\/kutuphane\/wp-json\/wp\/v2\/media?parent=7"}],"wp:term":[{"taxonomy":"category","embeddable":true,"href":"https:\/\/alevi-portal.net\/kutuphane\/wp-json\/wp\/v2\/categories?post=7"},{"taxonomy":"post_tag","embeddable":true,"href":"https:\/\/alevi-portal.net\/kutuphane\/wp-json\/wp\/v2\/tags?post=7"}],"curies":[{"name":"wp","href":"https:\/\/api.w.org\/{rel}","templated":true}]}}